{"id":209,"date":"2020-06-01T18:23:00","date_gmt":"2020-06-01T18:23:00","guid":{"rendered":"http:\/\/laboreanalysis.com\/?p=209"},"modified":"2020-08-27T20:30:23","modified_gmt":"2020-08-27T20:30:23","slug":"plantio-coletivo","status":"publish","type":"post","link":"http:\/\/laboreanalysis.com\/?p=209","title":{"rendered":"Plantio Coletivo"},"content":{"rendered":"<div id=\"wppb-builder-container\" class=\"wppb-builder-container\">                <div  class=\"wppb-row-parent  wppb-row-1598552590542 \"  >\n\t\t\t\t\t\n\t\t\t\t\t\t\t\t\t\t\n\t\t\t\t\t\t\t\t\t\t\n\t\t\t\t\t<div class=\"wppb-container \">\n\t\t\t\t\t\t\t\t\t\t\t\t\t\n                        <div class=\"wppb-row\">\n\t\t\t\t\t\t\t                                    <div  class=\"wppb-column-parent wppb-column-parent-view wppb-col-1598552590541  \"  >\n                                        <div class=\"wppb-column\">\n\t\t\t\t\t\n\t\t\t\t\t\t\t\t\t\t\t\n                                            <div class=\"wppb-builder-addons\">\n\t\t\t\t\t\t\t\t\t\t\t\t<div class='wppb-builder-addon wppb-addon-1598553749901'  data-addon-id='1598553749901'><div class='wppb-addon'><div class=\"wppb-text-block-addon\"><div class=\"wppb-text-block-content 0\"><p style=\"background: white; margin: 0cm 0cm 24.0pt 0cm;\"><em><span style=\"font-family: 'Arial',sans-serif; color: #303030;\">Para celebrar o Dia da Gentileza, equipe do Labore realiza plantio coletivo em jardim na parte externa da unidade<\/span><\/em><\/p><p style=\"background: white; margin: 24.0pt 0cm 24.0pt 0cm;\"><span style=\"font-family: 'Arial',sans-serif; color: #303030;\">H\u00e1 v\u00e1rias maneiras de praticar a gentileza! O cuidado com o outro, a escolha das palavras com as quais nos comunicamos, os gestos de apoio e de carinho. Mas h\u00e1, tamb\u00e9m, a gentileza que vem do cuidado com o ambiente, na contribui\u00e7\u00e3o para a cria\u00e7\u00e3o de locais mais bonitos e aconchegantes para todos. Pensando nisso, o Labore comemorou o Dia da Gentileza, celebrado em 13 de novembro, de uma forma diferente.<\/span><\/p><p style=\"background: white; margin: 24.0pt 0cm 24.0pt 0cm;\"><span style=\"font-family: 'Arial',sans-serif; color: #303030;\">A equipe do Labore realizou o plantio coletivo dos canteiros que existem na parte externa da unidade. Uma manh\u00e3 divertida de conviv\u00eancia entre a equipe que deixou o ambiente \u2013 e a rua \u2013 mais bonita e florida.<\/span><\/p><\/div><\/div><\/div><\/div><div class='wppb-builder-addon wppb-addon-1598552612683'  data-addon-id='1598552612683'><div class='wppb-addon'><div class=\"wppb-text-block-addon\"><\/div><\/div><\/div>                                            <\/div>\n                                        <\/div>\n                                    <\/div>\n\t\t\t\t\t\t\t\t\t                        <\/div>\n\n                    <\/div>\n                <\/div>\n\t\t\t\t<\/div>","protected":false},"excerpt":{"rendered":"<p>Para celebrar o Dia da Gentileza, equipe do Labore realiza plantio coletivo em jardim na parte externa da unidadeH\u00e1 v\u00e1rias maneiras de praticar a gentileza! O cuidado com o outro, a escolha das palavras com as quais nos comunicamos, os &hellip; <a href=\"http:\/\/laboreanalysis.com\/?p=209\">Conte\u00fado<\/a><\/p>\n","protected":false},"author":1,"featured_media":216,"comment_status":"open","ping_status":"open","sticky":false,"template":"","format":"standard","meta":[],"categories":[1],"tags":[],"_links":{"self":[{"href":"http:\/\/laboreanalysis.com\/index.php?rest_route=\/wp\/v2\/posts\/209"}],"collection":[{"href":"http:\/\/laboreanalysis.com\/index.php?rest_route=\/wp\/v2\/posts"}],"about":[{"href":"http:\/\/laboreanalysis.com\/index.php?rest_route=\/wp\/v2\/types\/post"}],"author":[{"embeddable":true,"href":"http:\/\/laboreanalysis.com\/index.php?rest_route=\/wp\/v2\/users\/1"}],"replies":[{"embeddable":true,"href":"http:\/\/laboreanalysis.com\/index.php?rest_route=%2Fwp%2Fv2%2Fcomments&post=209"}],"version-history":[{"count":2,"href":"http:\/\/laboreanalysis.com\/index.php?rest_route=\/wp\/v2\/posts\/209\/revisions"}],"predecessor-version":[{"id":212,"href":"http:\/\/laboreanalysis.com\/index.php?rest_route=\/wp\/v2\/posts\/209\/revisions\/212"}],"wp:featuredmedia":[{"embeddable":true,"href":"http:\/\/laboreanalysis.com\/index.php?rest_route=\/wp\/v2\/media\/216"}],"wp:attachment":[{"href":"http:\/\/laboreanalysis.com\/index.php?rest_route=%2Fwp%2Fv2%2Fmedia&parent=209"}],"wp:term":[{"taxonomy":"category","embeddable":true,"href":"http:\/\/laboreanalysis.com\/index.php?rest_route=%2Fwp%2Fv2%2Fcategories&post=209"},{"taxonomy":"post_tag","embeddable":true,"href":"http:\/\/laboreanalysis.com\/index.php?rest_route=%2Fwp%2Fv2%2Ftags&post=209"}],"curies":[{"name":"wp","href":"https:\/\/api.w.org\/{rel}","templated":true}]}}